{"id":2866,"date":"2023-06-29T12:08:44","date_gmt":"2023-06-29T15:08:44","guid":{"rendered":"https:\/\/lapiccolinauy.com\/?p=2866"},"modified":"2023-06-27T12:10:10","modified_gmt":"2023-06-27T15:10:10","slug":"brunch-line","status":"publish","type":"post","link":"https:\/\/lapiccolinauy.com\/es\/2023\/06\/29\/brunch-line\/","title":{"rendered":"Brunch line"},"content":{"rendered":"<p class=\"wp-block-paragraph\">You might have caught my careful wording on Monday where I said our youngest lambs were in the Picual orchard. This year we had a ram which went a wandering and got about half the flock of ewes pregnant early. So we have a number of lambs which are nearing 6 months. Teenagers. And, like many teenagers, they like to go where we don&#8217;t want them to. Some of ours like to find out if the grass is tastier on the other side of the fence. <\/p>\n\n\n\n<figure class=\"wp-block-image size-large\"><a href=\"https:\/\/i0.wp.com\/lapiccolinauy.com\/wp-content\/uploads\/2023\/06\/escapees.jpg?ssl=1\"><img data-recalc-dims=\"1\" loading=\"lazy\" decoding=\"async\" width=\"620\" height=\"320\" data-attachment-id=\"2870\" data-permalink=\"https:\/\/lapiccolinauy.com\/es\/2023\/06\/29\/brunch-line\/escapees\/#main\" data-orig-file=\"https:\/\/i0.wp.com\/lapiccolinauy.com\/wp-content\/uploads\/2023\/06\/escapees.jpg?fit=900%2C465&amp;ssl=1\" data-orig-size=\"900,465\" data-comments-opened=\"1\" data-image-meta=\"{&quot;aperture&quot;:&quot;7&quot;,&quot;credit&quot;:&quot;&quot;,&quot;camera&quot;:&quot;Canon PowerShot ELPH 360 HS&quot;,&quot;caption&quot;:&quot;&quot;,&quot;created_timestamp&quot;:&quot;1497667789&quot;,&quot;copyright&quot;:&quot;&quot;,&quot;focal_length&quot;:&quot;54&quot;,&quot;iso&quot;:&quot;200&quot;,&quot;shutter_speed&quot;:&quot;0.003125&quot;,&quot;title&quot;:&quot;&quot;,&quot;orientation&quot;:&quot;0&quot;}\" data-image-title=\"escapees\" data-image-description=\"\" data-image-caption=\"\" data-large-file=\"https:\/\/i0.wp.com\/lapiccolinauy.com\/wp-content\/uploads\/2023\/06\/escapees.jpg?fit=620%2C320&amp;ssl=1\" src=\"https:\/\/i0.wp.com\/lapiccolinauy.com\/wp-content\/uploads\/2023\/06\/escapees.jpg?resize=620%2C320&#038;ssl=1\" alt=\"\" class=\"wp-image-2870\" \/><\/a><\/figure>\n\n\n\n<p class=\"wp-block-paragraph\">Fixing fences has moved to the top of our priority list. No early lambs next year and, hopefully, less lambs adventuring!<\/p>\n\n\n\n<hr class=\"wp-block-separator has-alpha-channel-opacity\" \/>\n\n\n\n<h2 class=\"wp-block-heading\">L\u00ednea de brunch<\/h2>\n\n\n\n<p class=\"wp-block-paragraph\">Puede ser que noto mi redacci\u00f3n cuidadosa el lunes pasado cuando escrib\u00ed que nuestros corderos m\u00e1s j\u00f3venes est\u00e1n en la plantaci\u00f3n de Picual. Este a\u00f1o tuvimos un carnero que fue a pasear y visit\u00f3 casi meta de las ovejas temprano. Entonces tenemos algunos corderos que est\u00e1n a casi 6 meses. Adolescentes. Y como muchos adolescentes, les gusta ir donde no quer\u00edamos ir. Algunos de nuestros corderos grandes les gusta descubrir si el pasto es m\u00e1s rico al otro lado del alambrado. <\/p>\n\n\n\n<figure class=\"wp-block-image size-large\"><a href=\"https:\/\/i0.wp.com\/lapiccolinauy.com\/wp-content\/uploads\/2023\/06\/escapees.jpg?ssl=1\"><img data-recalc-dims=\"1\" loading=\"lazy\" decoding=\"async\" width=\"620\" height=\"320\" data-attachment-id=\"2870\" data-permalink=\"https:\/\/lapiccolinauy.com\/es\/2023\/06\/29\/brunch-line\/escapees\/#main\" data-orig-file=\"https:\/\/i0.wp.com\/lapiccolinauy.com\/wp-content\/uploads\/2023\/06\/escapees.jpg?fit=900%2C465&amp;ssl=1\" data-orig-size=\"900,465\" data-comments-opened=\"1\" data-image-meta=\"{&quot;aperture&quot;:&quot;7&quot;,&quot;credit&quot;:&quot;&quot;,&quot;camera&quot;:&quot;Canon PowerShot ELPH 360 HS&quot;,&quot;caption&quot;:&quot;&quot;,&quot;created_timestamp&quot;:&quot;1497667789&quot;,&quot;copyright&quot;:&quot;&quot;,&quot;focal_length&quot;:&quot;54&quot;,&quot;iso&quot;:&quot;200&quot;,&quot;shutter_speed&quot;:&quot;0.003125&quot;,&quot;title&quot;:&quot;&quot;,&quot;orientation&quot;:&quot;0&quot;}\" data-image-title=\"escapees\" data-image-description=\"\" data-image-caption=\"\" data-large-file=\"https:\/\/i0.wp.com\/lapiccolinauy.com\/wp-content\/uploads\/2023\/06\/escapees.jpg?fit=620%2C320&amp;ssl=1\" src=\"https:\/\/i0.wp.com\/lapiccolinauy.com\/wp-content\/uploads\/2023\/06\/escapees.jpg?resize=620%2C320&#038;ssl=1\" alt=\"\" class=\"wp-image-2870\" \/><\/a><\/figure>\n\n\n\n<p class=\"wp-block-paragraph\">Reparaci\u00f3n de alambrados est\u00e1 la prioridad primero ahora. \u00a1No corderos nazcan temprano el a\u00f1o que viene, y, espero, menos corderos paseando!<\/p>","protected":false},"excerpt":{"rendered":"<p>You might have caught my careful wording on Monday where I said our youngest lambs were in the Picual orchard. This year we had a ram which went a wandering and got about half the flock of ewes pregnant early. So we have a number of lambs which are nearing 6 months. Teenagers. And, like &hellip; <a href=\"https:\/\/lapiccolinauy.com\/es\/2023\/06\/29\/brunch-line\/\" class=\"more-link\">Continue reading <span class=\"screen-reader-text\">Brunch line<\/span><\/a><\/p>","protected":false},"author":34327803,"featured_media":0,"comment_status":"open","ping_status":"open","sticky":false,"template":"","format":"standard","meta":{"_coblocks_attr":"","_coblocks_dimensions":"","_coblocks_responsive_height":"","_coblocks_accordion_ie_support":"","advanced_seo_description":"","jetpack_seo_html_title":"","jetpack_seo_noindex":false,"jetpack_seo_schema_type":"","_jetpack_newsletter_access":"","_jetpack_dont_email_post_to_subs":false,"_jetpack_newsletter_tier_id":0,"_jetpack_memberships_contains_paywalled_content":false,"_wpcom_ai_launchpad_first_post":false,"_jetpack_feature_clip_id":0,"_jetpack_memberships_contains_paid_content":false,"activitypub_content_warning":"","activitypub_content_visibility":"","activitypub_max_image_attachments":4,"activitypub_interaction_policy_quote":"anyone","activitypub_status":"","footnotes":"","jetpack_publicize_message":"{title}\n\n{excerpt}\n\n{url}","jetpack_publicize_feature_enabled":true,"jetpack_social_post_already_shared":false,"jetpack_social_options":{"image_generator_settings":{"template":"highway","default_image_id":0,"font":"","enabled":false},"version":2},"_wpas_customize_per_network":false,"jetpack_post_was_ever_published":false},"categories":[32257],"tags":[763430749,101600,225377],"class_list":["post-2866","post","type-post","status-publish","format-standard","hentry","category-sheep","tag-criolla-sheep","tag-grazing","tag-lambs","without-featured-image"],"jetpack_publicize_connections":[],"jetpack_likes_enabled":true,"jetpack_sharing_enabled":true,"jetpack_shortlink":"https:\/\/wp.me\/p6BeCJ-Ke","jetpack_featured_media_url":"","_links":{"self":[{"href":"https:\/\/lapiccolinauy.com\/es\/wp-json\/wp\/v2\/posts\/2866","targetHints":{"allow":["GET"]}}],"collection":[{"href":"https:\/\/lapiccolinauy.com\/es\/wp-json\/wp\/v2\/posts"}],"about":[{"href":"https:\/\/lapiccolinauy.com\/es\/wp-json\/wp\/v2\/types\/post"}],"author":[{"embeddable":true,"href":"https:\/\/lapiccolinauy.com\/es\/wp-json\/wp\/v2\/users\/34327803"}],"replies":[{"embeddable":true,"href":"https:\/\/lapiccolinauy.com\/es\/wp-json\/wp\/v2\/comments?post=2866"}],"version-history":[{"count":6,"href":"https:\/\/lapiccolinauy.com\/es\/wp-json\/wp\/v2\/posts\/2866\/revisions"}],"predecessor-version":[{"id":2873,"href":"https:\/\/lapiccolinauy.com\/es\/wp-json\/wp\/v2\/posts\/2866\/revisions\/2873"}],"wp:attachment":[{"href":"https:\/\/lapiccolinauy.com\/es\/wp-json\/wp\/v2\/media?parent=2866"}],"wp:term":[{"taxonomy":"category","embeddable":true,"href":"https:\/\/lapiccolinauy.com\/es\/wp-json\/wp\/v2\/categories?post=2866"},{"taxonomy":"post_tag","embeddable":true,"href":"https:\/\/lapiccolinauy.com\/es\/wp-json\/wp\/v2\/tags?post=2866"}],"curies":[{"name":"wp","href":"https:\/\/api.w.org\/{rel}","templated":true}]}}